{"id":668,"date":"2015-05-23T12:26:45","date_gmt":"2015-05-23T10:26:45","guid":{"rendered":"https:\/\/www.sgs-motorsport.ch\/?p=668"},"modified":"2015-05-23T12:26:45","modified_gmt":"2015-05-23T10:26:45","slug":"18-semislick-fr-den-e36","status":"publish","type":"post","link":"https:\/\/www.sgs-motorsport.ch\/?p=668","title":{"rendered":"18&rdquo; Semislick f&uuml;r den E36 ?"},"content":{"rendered":"<p><a href=\"https:\/\/www.sgs-motorsport.ch\/wp-content\/uploads\/20150523_114715.jpg\"><img loading=\"lazy\" decoding=\"async\" style=\"border-bottom: 0px;border-left: 0px;padding-left: 0px;padding-right: 0px;border-top: 0px;border-right: 0px;padding-top: 0px\" title=\"20150523_114715\" border=\"0\" alt=\"20150523_114715\" src=\"https:\/\/www.sgs-motorsport.ch\/wp-content\/uploads\/20150523_114715_thumb.jpg\" width=\"244\" height=\"139\"><\/a><a href=\"https:\/\/www.sgs-motorsport.ch\/wp-content\/uploads\/20150523_114709.jpg\"><img loading=\"lazy\" decoding=\"async\" style=\"border-bottom: 0px;border-left: 0px;padding-left: 0px;padding-right: 0px;border-top: 0px;border-right: 0px;padding-top: 0px\" title=\"20150523_114709\" border=\"0\" alt=\"20150523_114709\" src=\"https:\/\/www.sgs-motorsport.ch\/wp-content\/uploads\/20150523_114709_thumb.jpg\" width=\"244\" height=\"139\"><\/a><a href=\"https:\/\/www.sgs-motorsport.ch\/wp-content\/uploads\/20150523_114750.jpg\"><img loading=\"lazy\" decoding=\"async\" style=\"border-bottom: 0px;border-left: 0px;padding-left: 0px;padding-right: 0px;border-top: 0px;border-right: 0px;padding-top: 0px\" title=\"20150523_114750\" border=\"0\" alt=\"20150523_114750\" src=\"https:\/\/www.sgs-motorsport.ch\/wp-content\/uploads\/20150523_114750_thumb.jpg\" width=\"139\" height=\"244\"><\/a><a href=\"https:\/\/www.sgs-motorsport.ch\/wp-content\/uploads\/20150523_114734.jpg\"><img loading=\"lazy\" decoding=\"async\" style=\"border-bottom: 0px;border-left: 0px;padding-left: 0px;padding-right: 0px;border-top: 0px;border-right: 0px;padding-top: 0px\" title=\"20150523_114734\" border=\"0\" alt=\"20150523_114734\" src=\"https:\/\/www.sgs-motorsport.ch\/wp-content\/uploads\/20150523_114734_thumb.jpg\" width=\"139\" height=\"244\"><\/a><\/p>\n<p>Mal schauen ob das Fahrbar ist\u2026.<\/p>\n<p>Wen jemand noch M260 Felgen zum Verkaufen h\u00e4tte w\u00e4r was f\u00fcr mich.<\/p>\n","protected":false},"excerpt":{"rendered":"<p>Mal schauen ob das Fahrbar ist\u2026. Wen jemand noch M260 Felgen zum Verkaufen h\u00e4tte w\u00e4r was f\u00fcr mich.<\/p>\n","protected":false},"author":2,"featured_media":0,"comment_status":"open","ping_status":"closed","sticky":false,"template":"","format":"standard","meta":{"ngg_post_thumbnail":0,"footnotes":""},"categories":[1],"tags":[],"class_list":["post-668","post","type-post","status-publish","format-standard","hentry","category-allgemein"],"aioseo_notices":[],"_links":{"self":[{"href":"https:\/\/www.sgs-motorsport.ch\/index.php?rest_route=\/wp\/v2\/posts\/668","targetHints":{"allow":["GET"]}}],"collection":[{"href":"https:\/\/www.sgs-motorsport.ch\/index.php?rest_route=\/wp\/v2\/posts"}],"about":[{"href":"https:\/\/www.sgs-motorsport.ch\/index.php?rest_route=\/wp\/v2\/types\/post"}],"author":[{"embeddable":true,"href":"https:\/\/www.sgs-motorsport.ch\/index.php?rest_route=\/wp\/v2\/users\/2"}],"replies":[{"embeddable":true,"href":"https:\/\/www.sgs-motorsport.ch\/index.php?rest_route=%2Fwp%2Fv2%2Fcomments&post=668"}],"version-history":[{"count":0,"href":"https:\/\/www.sgs-motorsport.ch\/index.php?rest_route=\/wp\/v2\/posts\/668\/revisions"}],"wp:attachment":[{"href":"https:\/\/www.sgs-motorsport.ch\/index.php?rest_route=%2Fwp%2Fv2%2Fmedia&parent=668"}],"wp:term":[{"taxonomy":"category","embeddable":true,"href":"https:\/\/www.sgs-motorsport.ch\/index.php?rest_route=%2Fwp%2Fv2%2Fcategories&post=668"},{"taxonomy":"post_tag","embeddable":true,"href":"https:\/\/www.sgs-motorsport.ch\/index.php?rest_route=%2Fwp%2Fv2%2Ftags&post=668"}],"curies":[{"name":"wp","href":"https:\/\/api.w.org\/{rel}","templated":true}]}}